{"id":150127,"date":"2026-03-03T12:39:08","date_gmt":"2026-03-03T11:39:08","guid":{"rendered":"https:\/\/www.lauroikastola.eus\/ekintzailetza-alatz-bilbao-eta-jon-uriarteren-eskutik-kukulumendi-hotzaldi-saioetan\/"},"modified":"2026-03-13T09:23:07","modified_gmt":"2026-03-13T08:23:07","slug":"ekintzailetza-alatz-bilbao-eta-jon-uriarteren-eskutik-kukulumendi-hotzaldi-saioetan","status":"publish","type":"post","link":"https:\/\/www.lauroikastola.eus\/es\/ekintzailetza-alatz-bilbao-eta-jon-uriarteren-eskutik-kukulumendi-hotzaldi-saioetan\/","title":{"rendered":"\u00abEmprendimiento\u00bb de manos de Alatz Bilbao y Jon Uriarte en la conferencia Kukulumendi"},"content":{"rendered":"<p>El 3 de marzo, los alumnos y alumnas de 1\u00ba de Bachiller han asistido a la \u00faltima sesi\u00f3n del curso del programa de conferencias \u00abKUKULUMENDI &#8211; Desarrollando el talento de las personas\u00bb.<\/p><p><strong>Alatz Bilbao y Jon Uriarte<\/strong> han abordado el tema <strong>\u00abEmprendimiento\u00bb <\/strong>en una sesi\u00f3n dirigida por los alumnos y alumnas Nutsa Takadze, Niko Mies, Markel Minetti y Maider Lasa.<\/p><p><strong>Alatz <\/strong>es el fundador del restaurante <a href=\"https:\/\/elpais.com\/gastronomia\/restaurantes\/2024-02-08\/alatz-bilbao-el-joven-cocinero-y-metalurgico-que-triunfa-en-bakea-su-restaurante-en-munguia.html\">\u00abBakea\u00bb<\/a> de Mungia, y ha obtenido recientemente una Estrella Michelin con un proyecto muy especial: es un referente por la utilizaci\u00f3n del producto de proximidad y originalidad; maestro en los fogones, tambi\u00e9n dise\u00f1a la cuberter\u00eda y menaje en el taller familiar.<\/p><p>J<strong>on Uriarte<\/strong> nos es m\u00e1s conocido: el actual presidente del Athletic, ex alumno de Lauro, ha acudido a estas conferencias en seis ocasiones para explicar su trayectoria acad\u00e9mica y empresarial y su larga trayectoria emprendedora.<\/p><p>Ambos tienen una trayectoria diferente, con diferentes logros, pero comparten unos principios en la base: cada uno tiene que encontrar su propio camino, que responda a sus objetivos. Han relatado sus vivencias y experiencias personales, subrayando la importancia del trabajar duro, que una buena actitud hacia el trabajo es m\u00e1s importante que la propia formaci\u00f3n, que el mayor \u00e9xito consiste en lograr hacer lo que quieres en la vida, y que cada uno tiene que hacer su camino a partir de lo que nos gusta y atrae.<\/p><p>\u00a1<em>Eskerrik asko<\/em> Alatz y Jon por encontrar entre todos vuestros compromisos un hueco para visitarnos!<\/p><figure class=\"wp-block-image size-large\"><a href=\"https:\/\/www.lauroikastola.eus\/wp-content\/uploads\/2026\/03\/IMG20260303104552-scaled.jpg\"><img loading=\"lazy\" decoding=\"async\" width=\"1024\" height=\"632\" src=\"https:\/\/www.lauroikastola.eus\/wp-content\/uploads\/2026\/03\/IMG20260303104552-1024x632.jpg\" alt=\"\" class=\"wp-image-150110\" srcset=\"https:\/\/www.lauroikastola.eus\/wp-content\/uploads\/2026\/03\/IMG20260303104552-1024x632.jpg 1024w, https:\/\/www.lauroikastola.eus\/wp-content\/uploads\/2026\/03\/IMG20260303104552-300x185.jpg 300w, https:\/\/www.lauroikastola.eus\/wp-content\/uploads\/2026\/03\/IMG20260303104552-768x474.jpg 768w, https:\/\/www.lauroikastola.eus\/wp-content\/uploads\/2026\/03\/IMG20260303104552-1536x947.jpg 1536w, https:\/\/www.lauroikastola.eus\/wp-content\/uploads\/2026\/03\/IMG20260303104552-2048x1263.jpg 2048w, https:\/\/www.lauroikastola.eus\/wp-content\/uploads\/2026\/03\/IMG20260303104552-600x370.jpg 600w\" sizes=\"auto, (max-width: 1024px) 100vw, 1024px\" \/><\/a><\/figure><figure class=\"wp-block-gallery has-nested-images columns-default is-cropped wp-block-gallery-1 is-layout-flex wp-block-gallery-is-layout-flex\"><figure class=\"wp-block-image size-large\"><a href=\"https:\/\/www.lauroikastola.eus\/wp-content\/uploads\/2026\/03\/P1190011-scaled.jpg\"><img loading=\"lazy\" decoding=\"async\" width=\"1024\" height=\"768\" data-id=\"150113\" src=\"https:\/\/www.lauroikastola.eus\/wp-content\/uploads\/2026\/03\/P1190011-1024x768.jpg\" alt=\"\" class=\"wp-image-150113\" srcset=\"https:\/\/www.lauroikastola.eus\/wp-content\/uploads\/2026\/03\/P1190011-1024x768.jpg 1024w, https:\/\/www.lauroikastola.eus\/wp-content\/uploads\/2026\/03\/P1190011-300x225.jpg 300w, https:\/\/www.lauroikastola.eus\/wp-content\/uploads\/2026\/03\/P1190011-768x576.jpg 768w, https:\/\/www.lauroikastola.eus\/wp-content\/uploads\/2026\/03\/P1190011-1536x1152.jpg 1536w, https:\/\/www.lauroikastola.eus\/wp-content\/uploads\/2026\/03\/P1190011-2048x1536.jpg 2048w, https:\/\/www.lauroikastola.eus\/wp-content\/uploads\/2026\/03\/P1190011-600x450.jpg 600w\" sizes=\"auto, (max-width: 1024px) 100vw, 1024px\" \/><\/a><\/figure>\n\n<figure class=\"wp-block-image size-large\"><a href=\"https:\/\/www.lauroikastola.eus\/wp-content\/uploads\/2026\/03\/P1190049-scaled.jpg\"><img loading=\"lazy\" decoding=\"async\" width=\"1024\" height=\"768\" data-id=\"150115\" src=\"https:\/\/www.lauroikastola.eus\/wp-content\/uploads\/2026\/03\/P1190049-1024x768.jpg\" alt=\"\" class=\"wp-image-150115\" srcset=\"https:\/\/www.lauroikastola.eus\/wp-content\/uploads\/2026\/03\/P1190049-1024x768.jpg 1024w, https:\/\/www.lauroikastola.eus\/wp-content\/uploads\/2026\/03\/P1190049-300x225.jpg 300w, https:\/\/www.lauroikastola.eus\/wp-content\/uploads\/2026\/03\/P1190049-768x576.jpg 768w, https:\/\/www.lauroikastola.eus\/wp-content\/uploads\/2026\/03\/P1190049-1536x1152.jpg 1536w, https:\/\/www.lauroikastola.eus\/wp-content\/uploads\/2026\/03\/P1190049-2048x1536.jpg 2048w, https:\/\/www.lauroikastola.eus\/wp-content\/uploads\/2026\/03\/P1190049-600x450.jpg 600w\" sizes=\"auto, (max-width: 1024px) 100vw, 1024px\" \/><\/a><\/figure><\/figure>","protected":false},"excerpt":{"rendered":"<p>El 3 de marzo, los alumnos y alumnas de 1\u00ba de Bachiller han asistido a la \u00faltima sesi\u00f3n del curso del programa de conferencias \u00abKUKULUMENDI &#8211; Desarrollando el talento de las personas\u00bb. Alatz Bilbao y Jon Uriarte han abordado el tema \u00abEmprendimiento\u00bb en una sesi\u00f3n dirigida por los alumnos y alumnas Nutsa Takadze, Niko Mies, &#8230;<\/p>\n","protected":false},"author":1,"featured_media":150109,"comment_status":"closed","ping_status":"open","sticky":false,"template":"","format":"standard","meta":{"ngg_post_thumbnail":0,"footnotes":""},"categories":[116],"tags":[],"class_list":["post-150127","post","type-post","status-publish","format-standard","has-post-thumbnail","hentry","category-lauro-gaur"],"_links":{"self":[{"href":"https:\/\/www.lauroikastola.eus\/es\/wp-json\/wp\/v2\/posts\/150127","targetHints":{"allow":["GET"]}}],"collection":[{"href":"https:\/\/www.lauroikastola.eus\/es\/wp-json\/wp\/v2\/posts"}],"about":[{"href":"https:\/\/www.lauroikastola.eus\/es\/wp-json\/wp\/v2\/types\/post"}],"author":[{"embeddable":true,"href":"https:\/\/www.lauroikastola.eus\/es\/wp-json\/wp\/v2\/users\/1"}],"replies":[{"embeddable":true,"href":"https:\/\/www.lauroikastola.eus\/es\/wp-json\/wp\/v2\/comments?post=150127"}],"version-history":[{"count":8,"href":"https:\/\/www.lauroikastola.eus\/es\/wp-json\/wp\/v2\/posts\/150127\/revisions"}],"predecessor-version":[{"id":150316,"href":"https:\/\/www.lauroikastola.eus\/es\/wp-json\/wp\/v2\/posts\/150127\/revisions\/150316"}],"wp:featuredmedia":[{"embeddable":true,"href":"https:\/\/www.lauroikastola.eus\/es\/wp-json\/wp\/v2\/media\/150109"}],"wp:attachment":[{"href":"https:\/\/www.lauroikastola.eus\/es\/wp-json\/wp\/v2\/media?parent=150127"}],"wp:term":[{"taxonomy":"category","embeddable":true,"href":"https:\/\/www.lauroikastola.eus\/es\/wp-json\/wp\/v2\/categories?post=150127"},{"taxonomy":"post_tag","embeddable":true,"href":"https:\/\/www.lauroikastola.eus\/es\/wp-json\/wp\/v2\/tags?post=150127"}],"curies":[{"name":"wp","href":"https:\/\/api.w.org\/{rel}","templated":true}]}}