{"id":150183,"date":"2026-03-05T13:50:41","date_gmt":"2026-03-05T12:50:41","guid":{"rendered":"https:\/\/www.lauroikastola.eus\/bi-ikasle-sailkatu-dira-euskadiko-filosofia-olinpiadako-finalerako\/"},"modified":"2026-03-05T13:57:09","modified_gmt":"2026-03-05T12:57:09","slug":"bi-ikasle-sailkatu-dira-euskadiko-filosofia-olinpiadako-finalerako","status":"publish","type":"post","link":"https:\/\/www.lauroikastola.eus\/es\/bi-ikasle-sailkatu-dira-euskadiko-filosofia-olinpiadako-finalerako\/","title":{"rendered":"Dos alumnas se clasifican para la Final de la Olimpiada de Filosof\u00eda de Euskadi"},"content":{"rendered":"<p>Diez estudiantes de Bachillerato se presentaron a la Olimpiada de Filosof\u00eda de Euskadi que organiza \u00c1gora Elkartea y dos alumnas se han clasificado para la Final:<\/p><p><strong>Eunate Krutxaga Gomez<br>Olaia Olivas Resano<\/strong><\/p><p>Acudir\u00e1n a Gasteiz, el pr\u00f3ximo 13 de marzo, donde se dar\u00e1n a conocer y entregar\u00e1n los premios. Eunate y Olaia se presentan en la modalidad de disertaci\u00f3n con el tema \u00abLa locura\u00bb. <\/p><p>Zorionak, eta gora Filosofia!<\/p><figure class=\"wp-block-gallery has-nested-images columns-default is-cropped wp-block-gallery-1 is-layout-flex wp-block-gallery-is-layout-flex\"><figure class=\"wp-block-image size-large\"><a href=\"https:\/\/www.lauroikastola.eus\/wp-content\/uploads\/2026\/03\/1D-13-scaled.jpg\"><img loading=\"lazy\" decoding=\"async\" width=\"768\" height=\"1024\" data-id=\"150172\" src=\"https:\/\/www.lauroikastola.eus\/wp-content\/uploads\/2026\/03\/1D-13-768x1024.jpg\" alt=\"\" class=\"wp-image-150172\" srcset=\"https:\/\/www.lauroikastola.eus\/wp-content\/uploads\/2026\/03\/1D-13-768x1024.jpg 768w, https:\/\/www.lauroikastola.eus\/wp-content\/uploads\/2026\/03\/1D-13-225x300.jpg 225w, https:\/\/www.lauroikastola.eus\/wp-content\/uploads\/2026\/03\/1D-13-1152x1536.jpg 1152w, https:\/\/www.lauroikastola.eus\/wp-content\/uploads\/2026\/03\/1D-13-1536x2048.jpg 1536w, https:\/\/www.lauroikastola.eus\/wp-content\/uploads\/2026\/03\/1D-13-600x800.jpg 600w, https:\/\/www.lauroikastola.eus\/wp-content\/uploads\/2026\/03\/1D-13-scaled.jpg 1920w\" sizes=\"auto, (max-width: 768px) 100vw, 768px\" \/><\/a><\/figure>\n\n<figure class=\"wp-block-image size-large\"><a href=\"https:\/\/www.lauroikastola.eus\/wp-content\/uploads\/2026\/03\/B1-22.jpg\"><img loading=\"lazy\" decoding=\"async\" width=\"768\" height=\"1024\" data-id=\"150174\" src=\"https:\/\/www.lauroikastola.eus\/wp-content\/uploads\/2026\/03\/B1-22-768x1024.jpg\" alt=\"\" class=\"wp-image-150174\" srcset=\"https:\/\/www.lauroikastola.eus\/wp-content\/uploads\/2026\/03\/B1-22-768x1024.jpg 768w, https:\/\/www.lauroikastola.eus\/wp-content\/uploads\/2026\/03\/B1-22-225x300.jpg 225w, https:\/\/www.lauroikastola.eus\/wp-content\/uploads\/2026\/03\/B1-22-1152x1536.jpg 1152w, https:\/\/www.lauroikastola.eus\/wp-content\/uploads\/2026\/03\/B1-22-1536x2048.jpg 1536w, https:\/\/www.lauroikastola.eus\/wp-content\/uploads\/2026\/03\/B1-22-600x800.jpg 600w, https:\/\/www.lauroikastola.eus\/wp-content\/uploads\/2026\/03\/B1-22.jpg 1915w\" sizes=\"auto, (max-width: 768px) 100vw, 768px\" \/><\/a><\/figure><\/figure>","protected":false},"excerpt":{"rendered":"<p>Diez estudiantes de Bachillerato se presentaron a la Olimpiada de Filosof\u00eda de Euskadi que organiza \u00c1gora Elkartea y dos alumnas se han clasificado para la Final: Eunate Krutxaga GomezOlaia Olivas Resano Acudir\u00e1n a Gasteiz, el pr\u00f3ximo 13 de marzo, donde se dar\u00e1n a conocer y entregar\u00e1n los premios. Eunate y Olaia se presentan en la &#8230;<\/p>\n","protected":false},"author":1,"featured_media":150171,"comment_status":"closed","ping_status":"open","sticky":false,"template":"","format":"standard","meta":{"ngg_post_thumbnail":0,"footnotes":""},"categories":[116],"tags":[],"class_list":["post-150183","post","type-post","status-publish","format-standard","has-post-thumbnail","hentry","category-lauro-gaur"],"_links":{"self":[{"href":"https:\/\/www.lauroikastola.eus\/es\/wp-json\/wp\/v2\/posts\/150183","targetHints":{"allow":["GET"]}}],"collection":[{"href":"https:\/\/www.lauroikastola.eus\/es\/wp-json\/wp\/v2\/posts"}],"about":[{"href":"https:\/\/www.lauroikastola.eus\/es\/wp-json\/wp\/v2\/types\/post"}],"author":[{"embeddable":true,"href":"https:\/\/www.lauroikastola.eus\/es\/wp-json\/wp\/v2\/users\/1"}],"replies":[{"embeddable":true,"href":"https:\/\/www.lauroikastola.eus\/es\/wp-json\/wp\/v2\/comments?post=150183"}],"version-history":[{"count":2,"href":"https:\/\/www.lauroikastola.eus\/es\/wp-json\/wp\/v2\/posts\/150183\/revisions"}],"predecessor-version":[{"id":150186,"href":"https:\/\/www.lauroikastola.eus\/es\/wp-json\/wp\/v2\/posts\/150183\/revisions\/150186"}],"wp:featuredmedia":[{"embeddable":true,"href":"https:\/\/www.lauroikastola.eus\/es\/wp-json\/wp\/v2\/media\/150171"}],"wp:attachment":[{"href":"https:\/\/www.lauroikastola.eus\/es\/wp-json\/wp\/v2\/media?parent=150183"}],"wp:term":[{"taxonomy":"category","embeddable":true,"href":"https:\/\/www.lauroikastola.eus\/es\/wp-json\/wp\/v2\/categories?post=150183"},{"taxonomy":"post_tag","embeddable":true,"href":"https:\/\/www.lauroikastola.eus\/es\/wp-json\/wp\/v2\/tags?post=150183"}],"curies":[{"name":"wp","href":"https:\/\/api.w.org\/{rel}","templated":true}]}}