{"id":150282,"date":"2026-03-12T15:13:12","date_gmt":"2026-03-12T14:13:12","guid":{"rendered":"https:\/\/www.lauroikastola.eus\/balear-uhartetako-kooperatibetako-arduradunak-izan-ditugu-bisitan-konfekoopen-eskutik\/"},"modified":"2026-03-13T10:09:47","modified_gmt":"2026-03-13T09:09:47","slug":"balear-uhartetako-kooperatibetako-arduradunak-izan-ditugu-bisitan-konfekoopen-eskutik","status":"publish","type":"post","link":"https:\/\/www.lauroikastola.eus\/es\/balear-uhartetako-kooperatibetako-arduradunak-izan-ditugu-bisitan-konfekoopen-eskutik\/","title":{"rendered":"Hemos recibido la visita de cooperativas de las Islas Baleares de manos de KONFEKOOP"},"content":{"rendered":"<p>El 12 de marzo nos han visitan representantes y responsables de Cooperativas de Illes Balears para conocer nuestro proyecto de la mano de <a href=\"https:\/\/konfekoop.coop\/?lang=eu\">KONFEKOOP<\/a>.<\/p><p>Acompa\u00f1ados por Be\u00f1at Azurmendi de la Confederaci\u00f3n de Cooperativas, y encabezados por Joan Manel Munet, Presidente de <a href=\"https:\/\/uctaib.coop\/uctaib-1986-2026\/\">Uctaib<\/a>, doce personas se han acercado hasta la Ikastola y han seguido con gran inter\u00e9s las explicaciones del Equipo Directivo, responsables y alumnos y alumnas: en Bachiller, adem\u00e1s de una explicaci\u00f3n b\u00e1sica de nuestro Proyecto presentado por la Directora-Gerente y Pedag\u00f3gica, cinco alumnas y dos alumnos han presentado sus experiencias y les han explicado lo que les aporta el proyecto de Lauro, en euskera, castellano e ingl\u00e9s, haciendo tambi\u00e9n un peque\u00f1o gui\u00f1o al catal\u00e1n; despu\u00e9s han visitado el huerto escolar de Primaria y el estanque, acompa\u00f1ados por alumnos y alumnas de Primaria, as\u00ed como el proyecto de coches el\u00e9ctricos; las cinco ecodelegadas de la Agenda 2030 les han explicado los pormenores de nuestro plan; y para terminar, han estado en Educaci\u00f3n Infantil viendo de cerca los proyectos que est\u00e1n en marcha en este momento.<\/p><p>\u00a1Gracias por la visita y el inter\u00e9s mostrado!<\/p><figure class=\"wp-block-gallery has-nested-images columns-default is-cropped wp-block-gallery-1 is-layout-flex wp-block-gallery-is-layout-flex\"><figure class=\"wp-block-image size-large\"><a href=\"https:\/\/www.lauroikastola.eus\/wp-content\/uploads\/2026\/03\/Konfekoop-Illes-Balears_1-scaled.jpg\"><img loading=\"lazy\" decoding=\"async\" width=\"1024\" height=\"770\" data-id=\"150264\" src=\"https:\/\/www.lauroikastola.eus\/wp-content\/uploads\/2026\/03\/Konfekoop-Illes-Balears_1-1024x770.jpg\" alt=\"\" class=\"wp-image-150264\" srcset=\"https:\/\/www.lauroikastola.eus\/wp-content\/uploads\/2026\/03\/Konfekoop-Illes-Balears_1-1024x770.jpg 1024w, https:\/\/www.lauroikastola.eus\/wp-content\/uploads\/2026\/03\/Konfekoop-Illes-Balears_1-300x225.jpg 300w, https:\/\/www.lauroikastola.eus\/wp-content\/uploads\/2026\/03\/Konfekoop-Illes-Balears_1-768x577.jpg 768w, https:\/\/www.lauroikastola.eus\/wp-content\/uploads\/2026\/03\/Konfekoop-Illes-Balears_1-1536x1154.jpg 1536w, https:\/\/www.lauroikastola.eus\/wp-content\/uploads\/2026\/03\/Konfekoop-Illes-Balears_1-2048x1539.jpg 2048w, https:\/\/www.lauroikastola.eus\/wp-content\/uploads\/2026\/03\/Konfekoop-Illes-Balears_1-600x451.jpg 600w\" sizes=\"auto, (max-width: 1024px) 100vw, 1024px\" \/><\/a><\/figure>\n\n<figure class=\"wp-block-image size-large\"><a href=\"https:\/\/www.lauroikastola.eus\/wp-content\/uploads\/2026\/03\/Konfekoop-Illes-Balears_2.jpg\"><img loading=\"lazy\" decoding=\"async\" width=\"1024\" height=\"577\" data-id=\"150262\" src=\"https:\/\/www.lauroikastola.eus\/wp-content\/uploads\/2026\/03\/Konfekoop-Illes-Balears_2-1024x577.jpg\" alt=\"\" class=\"wp-image-150262\" srcset=\"https:\/\/www.lauroikastola.eus\/wp-content\/uploads\/2026\/03\/Konfekoop-Illes-Balears_2-1024x577.jpg 1024w, https:\/\/www.lauroikastola.eus\/wp-content\/uploads\/2026\/03\/Konfekoop-Illes-Balears_2-300x169.jpg 300w, https:\/\/www.lauroikastola.eus\/wp-content\/uploads\/2026\/03\/Konfekoop-Illes-Balears_2-768x433.jpg 768w, https:\/\/www.lauroikastola.eus\/wp-content\/uploads\/2026\/03\/Konfekoop-Illes-Balears_2-1536x866.jpg 1536w, https:\/\/www.lauroikastola.eus\/wp-content\/uploads\/2026\/03\/Konfekoop-Illes-Balears_2-2048x1154.jpg 2048w, https:\/\/www.lauroikastola.eus\/wp-content\/uploads\/2026\/03\/Konfekoop-Illes-Balears_2-600x338.jpg 600w\" sizes=\"auto, (max-width: 1024px) 100vw, 1024px\" \/><\/a><\/figure><\/figure><figure class=\"wp-block-gallery has-nested-images columns-default is-cropped wp-block-gallery-2 is-layout-flex wp-block-gallery-is-layout-flex\"><figure class=\"wp-block-image size-large\"><a href=\"https:\/\/www.lauroikastola.eus\/wp-content\/uploads\/2026\/03\/Konfekoop-Illes-Balears_3-scaled.jpg\"><img loading=\"lazy\" decoding=\"async\" width=\"1024\" height=\"576\" data-id=\"150270\" src=\"https:\/\/www.lauroikastola.eus\/wp-content\/uploads\/2026\/03\/Konfekoop-Illes-Balears_3-1024x576.jpg\" alt=\"\" class=\"wp-image-150270\" srcset=\"https:\/\/www.lauroikastola.eus\/wp-content\/uploads\/2026\/03\/Konfekoop-Illes-Balears_3-1024x576.jpg 1024w, https:\/\/www.lauroikastola.eus\/wp-content\/uploads\/2026\/03\/Konfekoop-Illes-Balears_3-300x169.jpg 300w, https:\/\/www.lauroikastola.eus\/wp-content\/uploads\/2026\/03\/Konfekoop-Illes-Balears_3-768x432.jpg 768w, https:\/\/www.lauroikastola.eus\/wp-content\/uploads\/2026\/03\/Konfekoop-Illes-Balears_3-1536x864.jpg 1536w, https:\/\/www.lauroikastola.eus\/wp-content\/uploads\/2026\/03\/Konfekoop-Illes-Balears_3-2048x1152.jpg 2048w, https:\/\/www.lauroikastola.eus\/wp-content\/uploads\/2026\/03\/Konfekoop-Illes-Balears_3-600x338.jpg 600w\" sizes=\"auto, (max-width: 1024px) 100vw, 1024px\" \/><\/a><\/figure>\n\n<figure class=\"wp-block-image size-large\"><a href=\"https:\/\/www.lauroikastola.eus\/wp-content\/uploads\/2026\/03\/Konfekoop-Illes-Balears_4-scaled.jpg\"><img loading=\"lazy\" decoding=\"async\" width=\"1024\" height=\"576\" data-id=\"150268\" src=\"https:\/\/www.lauroikastola.eus\/wp-content\/uploads\/2026\/03\/Konfekoop-Illes-Balears_4-1024x576.jpg\" alt=\"\" class=\"wp-image-150268\" srcset=\"https:\/\/www.lauroikastola.eus\/wp-content\/uploads\/2026\/03\/Konfekoop-Illes-Balears_4-1024x576.jpg 1024w, https:\/\/www.lauroikastola.eus\/wp-content\/uploads\/2026\/03\/Konfekoop-Illes-Balears_4-300x169.jpg 300w, https:\/\/www.lauroikastola.eus\/wp-content\/uploads\/2026\/03\/Konfekoop-Illes-Balears_4-768x432.jpg 768w, https:\/\/www.lauroikastola.eus\/wp-content\/uploads\/2026\/03\/Konfekoop-Illes-Balears_4-1536x864.jpg 1536w, https:\/\/www.lauroikastola.eus\/wp-content\/uploads\/2026\/03\/Konfekoop-Illes-Balears_4-2048x1152.jpg 2048w, https:\/\/www.lauroikastola.eus\/wp-content\/uploads\/2026\/03\/Konfekoop-Illes-Balears_4-600x338.jpg 600w\" sizes=\"auto, (max-width: 1024px) 100vw, 1024px\" \/><\/a><\/figure><\/figure><figure class=\"wp-block-gallery has-nested-images columns-default is-cropped wp-block-gallery-3 is-layout-flex wp-block-gallery-is-layout-flex\"><figure class=\"wp-block-image size-large\"><a href=\"https:\/\/www.lauroikastola.eus\/wp-content\/uploads\/2026\/03\/Konfekoop-Illes-Balears_5-scaled.jpg\"><img loading=\"lazy\" decoding=\"async\" width=\"1024\" height=\"768\" data-id=\"150275\" src=\"https:\/\/www.lauroikastola.eus\/wp-content\/uploads\/2026\/03\/Konfekoop-Illes-Balears_5-1024x768.jpg\" alt=\"\" class=\"wp-image-150275\" srcset=\"https:\/\/www.lauroikastola.eus\/wp-content\/uploads\/2026\/03\/Konfekoop-Illes-Balears_5-1024x768.jpg 1024w, https:\/\/www.lauroikastola.eus\/wp-content\/uploads\/2026\/03\/Konfekoop-Illes-Balears_5-300x225.jpg 300w, https:\/\/www.lauroikastola.eus\/wp-content\/uploads\/2026\/03\/Konfekoop-Illes-Balears_5-768x576.jpg 768w, https:\/\/www.lauroikastola.eus\/wp-content\/uploads\/2026\/03\/Konfekoop-Illes-Balears_5-1536x1152.jpg 1536w, https:\/\/www.lauroikastola.eus\/wp-content\/uploads\/2026\/03\/Konfekoop-Illes-Balears_5-2048x1536.jpg 2048w, https:\/\/www.lauroikastola.eus\/wp-content\/uploads\/2026\/03\/Konfekoop-Illes-Balears_5-600x450.jpg 600w\" sizes=\"auto, (max-width: 1024px) 100vw, 1024px\" \/><\/a><\/figure>\n\n<figure class=\"wp-block-image size-large\"><a href=\"https:\/\/www.lauroikastola.eus\/wp-content\/uploads\/2026\/03\/Konfekoop-Illes-Balears_6-scaled.jpg\"><img loading=\"lazy\" decoding=\"async\" width=\"1024\" height=\"768\" data-id=\"150274\" src=\"https:\/\/www.lauroikastola.eus\/wp-content\/uploads\/2026\/03\/Konfekoop-Illes-Balears_6-1024x768.jpg\" alt=\"\" class=\"wp-image-150274\" srcset=\"https:\/\/www.lauroikastola.eus\/wp-content\/uploads\/2026\/03\/Konfekoop-Illes-Balears_6-1024x768.jpg 1024w, https:\/\/www.lauroikastola.eus\/wp-content\/uploads\/2026\/03\/Konfekoop-Illes-Balears_6-300x225.jpg 300w, https:\/\/www.lauroikastola.eus\/wp-content\/uploads\/2026\/03\/Konfekoop-Illes-Balears_6-768x576.jpg 768w, https:\/\/www.lauroikastola.eus\/wp-content\/uploads\/2026\/03\/Konfekoop-Illes-Balears_6-1536x1152.jpg 1536w, https:\/\/www.lauroikastola.eus\/wp-content\/uploads\/2026\/03\/Konfekoop-Illes-Balears_6-2048x1536.jpg 2048w, https:\/\/www.lauroikastola.eus\/wp-content\/uploads\/2026\/03\/Konfekoop-Illes-Balears_6-600x450.jpg 600w\" sizes=\"auto, (max-width: 1024px) 100vw, 1024px\" \/><\/a><\/figure><\/figure><figure class=\"wp-block-embed is-type-video is-provider-youtube wp-block-embed-youtube wp-embed-aspect-9-16 wp-has-aspect-ratio\"><div class=\"wp-block-embed__wrapper\">\n<iframe loading=\"lazy\" title=\"Konfekoop bisitaldia Illes Balears\" width=\"563\" height=\"1000\" src=\"https:\/\/www.youtube.com\/embed\/CLOA_eq0mqs?feature=oembed\" frameborder=\"0\" allow=\"accelerometer; autoplay; clipboard-write; encrypted-media; gyroscope; picture-in-picture; web-share\" referrerpolicy=\"strict-origin-when-cross-origin\" allowfullscreen><\/iframe>\n<\/div><\/figure>","protected":false},"excerpt":{"rendered":"<p>El 12 de marzo nos han visitan representantes y responsables de Cooperativas de Illes Balears para conocer nuestro proyecto de la mano de KONFEKOOP. Acompa\u00f1ados por Be\u00f1at Azurmendi de la Confederaci\u00f3n de Cooperativas, y encabezados por Joan Manel Munet, Presidente de Uctaib, doce personas se han acercado hasta la Ikastola y han seguido con gran &#8230;<\/p>\n","protected":false},"author":1,"featured_media":150261,"comment_status":"closed","ping_status":"open","sticky":false,"template":"","format":"standard","meta":{"ngg_post_thumbnail":0,"footnotes":""},"categories":[116],"tags":[],"class_list":["post-150282","post","type-post","status-publish","format-standard","has-post-thumbnail","hentry","category-lauro-gaur"],"_links":{"self":[{"href":"https:\/\/www.lauroikastola.eus\/es\/wp-json\/wp\/v2\/posts\/150282","targetHints":{"allow":["GET"]}}],"collection":[{"href":"https:\/\/www.lauroikastola.eus\/es\/wp-json\/wp\/v2\/posts"}],"about":[{"href":"https:\/\/www.lauroikastola.eus\/es\/wp-json\/wp\/v2\/types\/post"}],"author":[{"embeddable":true,"href":"https:\/\/www.lauroikastola.eus\/es\/wp-json\/wp\/v2\/users\/1"}],"replies":[{"embeddable":true,"href":"https:\/\/www.lauroikastola.eus\/es\/wp-json\/wp\/v2\/comments?post=150282"}],"version-history":[{"count":17,"href":"https:\/\/www.lauroikastola.eus\/es\/wp-json\/wp\/v2\/posts\/150282\/revisions"}],"predecessor-version":[{"id":151187,"href":"https:\/\/www.lauroikastola.eus\/es\/wp-json\/wp\/v2\/posts\/150282\/revisions\/151187"}],"wp:featuredmedia":[{"embeddable":true,"href":"https:\/\/www.lauroikastola.eus\/es\/wp-json\/wp\/v2\/media\/150261"}],"wp:attachment":[{"href":"https:\/\/www.lauroikastola.eus\/es\/wp-json\/wp\/v2\/media?parent=150282"}],"wp:term":[{"taxonomy":"category","embeddable":true,"href":"https:\/\/www.lauroikastola.eus\/es\/wp-json\/wp\/v2\/categories?post=150282"},{"taxonomy":"post_tag","embeddable":true,"href":"https:\/\/www.lauroikastola.eus\/es\/wp-json\/wp\/v2\/tags?post=150282"}],"curies":[{"name":"wp","href":"https:\/\/api.w.org\/{rel}","templated":true}]}}