{"id":150323,"date":"2026-03-13T09:47:38","date_gmt":"2026-03-13T08:47:38","guid":{"rendered":"https:\/\/www.lauroikastola.eus\/150317\/"},"modified":"2026-03-13T10:00:32","modified_gmt":"2026-03-13T09:00:32","slug":"150317","status":"publish","type":"post","link":"https:\/\/www.lauroikastola.eus\/es\/150317\/","title":{"rendered":"Matr\u00edcula oficial de Bachiller, del 16 al 27 de marzo"},"content":{"rendered":"<p>La Consejer\u00eda de Educaci\u00f3n ha establecido el plazo de matr\u00edcula del <strong>16 al 27 de marzo<\/strong>. Ver instrucciones: <a href=\"https:\/\/www.euskadi.eus\/onarpena-eta-matrikulazioa-batxilergoa\/web01-s2hhome\/eu\/\">IKUSI HEMEN<\/a>.<\/p><p>Se puede realizar en dos modalidades:<\/p><ul class=\"wp-block-list\"><li><strong>ON-LINE<\/strong> EN LA PLATAFORMA DE EDUCACI\u00d3N: el enlace estar\u00e1 vigente a partir del 16 de marzo <a href=\"https:\/\/ikasgunea.euskadi.eus\/eu\/inicio\">KLIKATU HEMEN<\/a>.<\/li><\/ul><ul class=\"wp-block-list\"><li><strong>PRESENCIAL EN LA IKASTOLA<\/strong>, se realizar\u00e1 <em>on-line<\/em> tambi\u00e9n en la plataforma. Pod\u00e9is acudir a Gecretar\u00eda General, en el edificio de Bachiller:<\/li><\/ul><figure class=\"wp-block-table\"><table class=\"has-white-color has-text-color has-background\" style=\"background:linear-gradient(187deg,rgb(254,205,165) 0%,rgb(254,45,45) 83%,rgb(107,0,62) 100%)\"><tbody><tr><td><strong>CALENDARIO<\/strong><\/td><td><strong>HORARIO<\/strong><\/td><\/tr><tr><td>Del 16 al 27 de marzo<\/td><td>8:35 &#8211; 14:00 y 15:00 &#8211; 17:00<\/td><\/tr><\/tbody><\/table><\/figure><p>Si quer\u00e9is visitar las instalaciones y conocer nuestro proyecto, os ofrecemos <strong>visitas personalizadas<\/strong>.<\/p><p><a href=\"https:\/\/www.lauroikastola.eus\/es\/matricula-eso-y-bachiller\/\"><strong>En este apartado<\/strong><\/a> pod\u00e9is poneros en contacto.<\/p><div style=\"position:relative;padding-top:max(60%,326px);height:0;width:100%\"><iframe allow=\"clipboard-write\" sandbox=\"allow-top-navigation allow-top-navigation-by-user-activation allow-downloads allow-scripts allow-same-origin allow-popups allow-modals allow-popups-to-escape-sandbox allow-forms\" allowfullscreen=\"true\" style=\"position:absolute;border:none;width:100%;height:100%;left:0;right:0;top:0;bottom:0;\" src=\"https:\/\/e.issuu.com\/embed.html?d=batxiler_ate_irekiak_23-24rako_matrikula&#038;u=lauroikastola\"><\/iframe><\/div>","protected":false},"excerpt":{"rendered":"<p>La Consejer\u00eda de Educaci\u00f3n ha establecido el plazo de matr\u00edcula del 16 al 27 de marzo. Ver instrucciones: IKUSI HEMEN. Se puede realizar en dos modalidades: CALENDARIO HORARIO Del 16 al 27 de marzo 8:35 &#8211; 14:00 y 15:00 &#8211; 17:00 Si quer\u00e9is visitar las instalaciones y conocer nuestro proyecto, os ofrecemos visitas personalizadas. En &#8230;<\/p>\n","protected":false},"author":1,"featured_media":150164,"comment_status":"closed","ping_status":"open","sticky":false,"template":"","format":"standard","meta":{"ngg_post_thumbnail":0,"footnotes":""},"categories":[116],"tags":[],"class_list":["post-150323","post","type-post","status-publish","format-standard","has-post-thumbnail","hentry","category-lauro-gaur"],"_links":{"self":[{"href":"https:\/\/www.lauroikastola.eus\/es\/wp-json\/wp\/v2\/posts\/150323","targetHints":{"allow":["GET"]}}],"collection":[{"href":"https:\/\/www.lauroikastola.eus\/es\/wp-json\/wp\/v2\/posts"}],"about":[{"href":"https:\/\/www.lauroikastola.eus\/es\/wp-json\/wp\/v2\/types\/post"}],"author":[{"embeddable":true,"href":"https:\/\/www.lauroikastola.eus\/es\/wp-json\/wp\/v2\/users\/1"}],"replies":[{"embeddable":true,"href":"https:\/\/www.lauroikastola.eus\/es\/wp-json\/wp\/v2\/comments?post=150323"}],"version-history":[{"count":2,"href":"https:\/\/www.lauroikastola.eus\/es\/wp-json\/wp\/v2\/posts\/150323\/revisions"}],"predecessor-version":[{"id":150327,"href":"https:\/\/www.lauroikastola.eus\/es\/wp-json\/wp\/v2\/posts\/150323\/revisions\/150327"}],"wp:featuredmedia":[{"embeddable":true,"href":"https:\/\/www.lauroikastola.eus\/es\/wp-json\/wp\/v2\/media\/150164"}],"wp:attachment":[{"href":"https:\/\/www.lauroikastola.eus\/es\/wp-json\/wp\/v2\/media?parent=150323"}],"wp:term":[{"taxonomy":"category","embeddable":true,"href":"https:\/\/www.lauroikastola.eus\/es\/wp-json\/wp\/v2\/categories?post=150323"},{"taxonomy":"post_tag","embeddable":true,"href":"https:\/\/www.lauroikastola.eus\/es\/wp-json\/wp\/v2\/tags?post=150323"}],"curies":[{"name":"wp","href":"https:\/\/api.w.org\/{rel}","templated":true}]}}