{"id":150357,"date":"2026-03-13T16:52:55","date_gmt":"2026-03-13T15:52:55","guid":{"rendered":"https:\/\/www.lauroikastola.eus\/kontseilu-errektore-berriko-kargu-izendapena\/"},"modified":"2026-03-13T17:00:00","modified_gmt":"2026-03-13T16:00:00","slug":"kontseilu-errektore-berriko-kargu-izendapena","status":"publish","type":"post","link":"https:\/\/www.lauroikastola.eus\/es\/kontseilu-errektore-berriko-kargu-izendapena\/","title":{"rendered":"Nombramiento de cargos en el nuevo Consejo Rector"},"content":{"rendered":"<p>La Asamblea General realiz\u00f3 la elecci\u00f3n parcial del Consejo Rector y en su primera reuni\u00f3n se efectu\u00f3 el nombramiento de cargos:<\/p><p>Presidente: Xabier Manterola.<br>Vicepresidenta: Olatz Ibarretxe.<br>Tesorero: Aitzol Llona.<br>Secretaria: Goiuria Lauria.<\/p>","protected":false},"excerpt":{"rendered":"<p>La Asamblea General realiz\u00f3 la elecci\u00f3n parcial del Consejo Rector y en su primera reuni\u00f3n se efectu\u00f3 el nombramiento de cargos: Presidente: Xabier Manterola.Vicepresidenta: Olatz Ibarretxe.Tesorero: Aitzol Llona.Secretaria: Goiuria Lauria.<\/p>\n","protected":false},"author":1,"featured_media":150334,"comment_status":"closed","ping_status":"open","sticky":false,"template":"","format":"standard","meta":{"ngg_post_thumbnail":0,"footnotes":""},"categories":[116],"tags":[],"class_list":["post-150357","post","type-post","status-publish","format-standard","has-post-thumbnail","hentry","category-lauro-gaur"],"_links":{"self":[{"href":"https:\/\/www.lauroikastola.eus\/es\/wp-json\/wp\/v2\/posts\/150357","targetHints":{"allow":["GET"]}}],"collection":[{"href":"https:\/\/www.lauroikastola.eus\/es\/wp-json\/wp\/v2\/posts"}],"about":[{"href":"https:\/\/www.lauroikastola.eus\/es\/wp-json\/wp\/v2\/types\/post"}],"author":[{"embeddable":true,"href":"https:\/\/www.lauroikastola.eus\/es\/wp-json\/wp\/v2\/users\/1"}],"replies":[{"embeddable":true,"href":"https:\/\/www.lauroikastola.eus\/es\/wp-json\/wp\/v2\/comments?post=150357"}],"version-history":[{"count":2,"href":"https:\/\/www.lauroikastola.eus\/es\/wp-json\/wp\/v2\/posts\/150357\/revisions"}],"predecessor-version":[{"id":150362,"href":"https:\/\/www.lauroikastola.eus\/es\/wp-json\/wp\/v2\/posts\/150357\/revisions\/150362"}],"wp:featuredmedia":[{"embeddable":true,"href":"https:\/\/www.lauroikastola.eus\/es\/wp-json\/wp\/v2\/media\/150334"}],"wp:attachment":[{"href":"https:\/\/www.lauroikastola.eus\/es\/wp-json\/wp\/v2\/media?parent=150357"}],"wp:term":[{"taxonomy":"category","embeddable":true,"href":"https:\/\/www.lauroikastola.eus\/es\/wp-json\/wp\/v2\/categories?post=150357"},{"taxonomy":"post_tag","embeddable":true,"href":"https:\/\/www.lauroikastola.eus\/es\/wp-json\/wp\/v2\/tags?post=150357"}],"curies":[{"name":"wp","href":"https:\/\/api.w.org\/{rel}","templated":true}]}}