{"id":150376,"date":"2026-03-16T10:37:28","date_gmt":"2026-03-16T09:37:28","guid":{"rendered":"https:\/\/www.lauroikastola.eus\/euskadiko-filosofia-olinpiadan-hirugarren-zorionak-olaia\/"},"modified":"2026-03-16T10:46:54","modified_gmt":"2026-03-16T09:46:54","slug":"euskadiko-filosofia-olinpiadan-hirugarren-zorionak-olaia","status":"publish","type":"post","link":"https:\/\/www.lauroikastola.eus\/es\/euskadiko-filosofia-olinpiadan-hirugarren-zorionak-olaia\/","title":{"rendered":"Tercera en la Olimpiada de Filosof\u00eda de Euskadi: Zorionak, Olaia!"},"content":{"rendered":"<p>El 13 de marzo se ha celebrado en Gasteiz la <strong>Final de la Olimpiada de Filosof\u00eda de Euskadi<\/strong>. Como informamos previamente, este curso han sido once las alumnas y alumnos que han participado, en la modalidad de disertaci\u00f3n, con el tema \u00abLa locura\u00bb.<\/p><p>Dos alumnas se clasificaron para la Final, Eunate Krutxaga y Olaia Olivas, y acudieron a la sede del Gobierno Vasco acompa\u00f1adas de todo el grupo y el profesor I\u00f1igo Martinez Pe\u00f1a.<\/p><p><strong>Olaia obtuvo el tercer puesto final<\/strong> tras defender su trabajo ante el tribunal. \u00a1<em>Zorionak <\/em>especialmente a Olaia, y a todo el equipo por el trabajo realizado!<\/p><figure class=\"wp-block-image size-large\"><a href=\"https:\/\/www.lauroikastola.eus\/wp-content\/uploads\/2026\/03\/Filo-Olinpiada-Finala_2.jpg\"><img loading=\"lazy\" decoding=\"async\" width=\"1024\" height=\"813\" src=\"https:\/\/www.lauroikastola.eus\/wp-content\/uploads\/2026\/03\/Filo-Olinpiada-Finala_2-1024x813.jpg\" alt=\"\" class=\"wp-image-150371\" srcset=\"https:\/\/www.lauroikastola.eus\/wp-content\/uploads\/2026\/03\/Filo-Olinpiada-Finala_2-1024x813.jpg 1024w, https:\/\/www.lauroikastola.eus\/wp-content\/uploads\/2026\/03\/Filo-Olinpiada-Finala_2-300x238.jpg 300w, https:\/\/www.lauroikastola.eus\/wp-content\/uploads\/2026\/03\/Filo-Olinpiada-Finala_2-768x610.jpg 768w, https:\/\/www.lauroikastola.eus\/wp-content\/uploads\/2026\/03\/Filo-Olinpiada-Finala_2-600x476.jpg 600w, https:\/\/www.lauroikastola.eus\/wp-content\/uploads\/2026\/03\/Filo-Olinpiada-Finala_2.jpg 1304w\" sizes=\"auto, (max-width: 1024px) 100vw, 1024px\" \/><\/a><\/figure>","protected":false},"excerpt":{"rendered":"<p>El 13 de marzo se ha celebrado en Gasteiz la Final de la Olimpiada de Filosof\u00eda de Euskadi. Como informamos previamente, este curso han sido once las alumnas y alumnos que han participado, en la modalidad de disertaci\u00f3n, con el tema \u00abLa locura\u00bb. Dos alumnas se clasificaron para la Final, Eunate Krutxaga y Olaia Olivas, &#8230;<\/p>\n","protected":false},"author":1,"featured_media":150370,"comment_status":"closed","ping_status":"open","sticky":false,"template":"","format":"standard","meta":{"ngg_post_thumbnail":0,"footnotes":""},"categories":[116],"tags":[],"class_list":["post-150376","post","type-post","status-publish","format-standard","has-post-thumbnail","hentry","category-lauro-gaur"],"_links":{"self":[{"href":"https:\/\/www.lauroikastola.eus\/es\/wp-json\/wp\/v2\/posts\/150376","targetHints":{"allow":["GET"]}}],"collection":[{"href":"https:\/\/www.lauroikastola.eus\/es\/wp-json\/wp\/v2\/posts"}],"about":[{"href":"https:\/\/www.lauroikastola.eus\/es\/wp-json\/wp\/v2\/types\/post"}],"author":[{"embeddable":true,"href":"https:\/\/www.lauroikastola.eus\/es\/wp-json\/wp\/v2\/users\/1"}],"replies":[{"embeddable":true,"href":"https:\/\/www.lauroikastola.eus\/es\/wp-json\/wp\/v2\/comments?post=150376"}],"version-history":[{"count":2,"href":"https:\/\/www.lauroikastola.eus\/es\/wp-json\/wp\/v2\/posts\/150376\/revisions"}],"predecessor-version":[{"id":150379,"href":"https:\/\/www.lauroikastola.eus\/es\/wp-json\/wp\/v2\/posts\/150376\/revisions\/150379"}],"wp:featuredmedia":[{"embeddable":true,"href":"https:\/\/www.lauroikastola.eus\/es\/wp-json\/wp\/v2\/media\/150370"}],"wp:attachment":[{"href":"https:\/\/www.lauroikastola.eus\/es\/wp-json\/wp\/v2\/media?parent=150376"}],"wp:term":[{"taxonomy":"category","embeddable":true,"href":"https:\/\/www.lauroikastola.eus\/es\/wp-json\/wp\/v2\/categories?post=150376"},{"taxonomy":"post_tag","embeddable":true,"href":"https:\/\/www.lauroikastola.eus\/es\/wp-json\/wp\/v2\/tags?post=150376"}],"curies":[{"name":"wp","href":"https:\/\/api.w.org\/{rel}","templated":true}]}}