{"id":151197,"date":"2026-04-29T17:12:42","date_gmt":"2026-04-29T15:12:42","guid":{"rendered":"https:\/\/www.lauroikastola.eus\/iker-hodei-garai-pantoja-ikaslea-bilbao-basket-arekin-huelvan\/"},"modified":"2026-04-30T11:39:55","modified_gmt":"2026-04-30T09:39:55","slug":"iker-hodei-garai-pantoja-ikaslea-bilbao-basket-arekin-huelvan","status":"publish","type":"post","link":"https:\/\/www.lauroikastola.eus\/es\/iker-hodei-garai-pantoja-ikaslea-bilbao-basket-arekin-huelvan\/","title":{"rendered":"El alumno Iker Odei Garay Pantoja con Bilbao Basket, en Huelva"},"content":{"rendered":"<p>Iker Odei Gara y Pantoja, alumno de 4\u00ba de ESO, Mikel Fern\u00e1ndez, coordinador de saski de Lauro Fundazioa y Sare Arrieta, ex-alumna de Lauro Ikastola, han participado esta semana en el Campeonato de Espa\u00f1a de Clubes en categor\u00eda Junior, celebrado en Huelva, formando parte del Bilbao Basket como jugador, entrenador y fisioterapeuta.<\/p><p>El conjunto bilba\u00edno complet\u00f3 una gran fase de grupos, logrando clasificarse para los octavos de final, donde puso fin a su andadura tras enfrentarse a la cantera del Basket Zaragoza.<\/p><p>M\u00e1s all\u00e1 del resultado, la experiencia supone un paso importante en su desarrollo deportivo y personal, compitiendo al m\u00e1ximo nivel nacional y compartiendo vivencias que seguro recordar\u00e1n durante mucho tiempo.<\/p><p>Desde Lauro Ikastola queremos trasladarles nuestra enhorabuena y orgullo por seguir llevando el nombre de Lauro a escenarios de primer nivel del deporte estatal.<\/p><figure class=\"wp-block-image size-large\"><a href=\"https:\/\/www.lauroikastola.eus\/wp-content\/uploads\/2026\/04\/WhatsApp-Image-2026-04-29-at-16.19.21-1-2-scaled.jpg\"><img loading=\"lazy\" decoding=\"async\" width=\"1024\" height=\"791\" src=\"https:\/\/www.lauroikastola.eus\/wp-content\/uploads\/2026\/04\/WhatsApp-Image-2026-04-29-at-16.19.21-1-2-1024x791.jpg\" alt=\"\" class=\"wp-image-151192\" srcset=\"https:\/\/www.lauroikastola.eus\/wp-content\/uploads\/2026\/04\/WhatsApp-Image-2026-04-29-at-16.19.21-1-2-1024x791.jpg 1024w, https:\/\/www.lauroikastola.eus\/wp-content\/uploads\/2026\/04\/WhatsApp-Image-2026-04-29-at-16.19.21-1-2-300x232.jpg 300w, https:\/\/www.lauroikastola.eus\/wp-content\/uploads\/2026\/04\/WhatsApp-Image-2026-04-29-at-16.19.21-1-2-768x593.jpg 768w, https:\/\/www.lauroikastola.eus\/wp-content\/uploads\/2026\/04\/WhatsApp-Image-2026-04-29-at-16.19.21-1-2-1536x1187.jpg 1536w, https:\/\/www.lauroikastola.eus\/wp-content\/uploads\/2026\/04\/WhatsApp-Image-2026-04-29-at-16.19.21-1-2-2048x1582.jpg 2048w, https:\/\/www.lauroikastola.eus\/wp-content\/uploads\/2026\/04\/WhatsApp-Image-2026-04-29-at-16.19.21-1-2-600x464.jpg 600w\" sizes=\"auto, (max-width: 1024px) 100vw, 1024px\" \/><\/a><\/figure>","protected":false},"excerpt":{"rendered":"<p>Iker Odei Gara y Pantoja, alumno de 4\u00ba de ESO, Mikel Fern\u00e1ndez, coordinador de saski de Lauro Fundazioa y Sare Arrieta, ex-alumna de Lauro Ikastola, han participado esta semana en el Campeonato de Espa\u00f1a de Clubes en categor\u00eda Junior, celebrado en Huelva, formando parte del Bilbao Basket como jugador, entrenador y fisioterapeuta. El conjunto bilba\u00edno &#8230;<\/p>\n","protected":false},"author":1,"featured_media":151194,"comment_status":"closed","ping_status":"open","sticky":false,"template":"","format":"standard","meta":{"ngg_post_thumbnail":0,"footnotes":""},"categories":[116],"tags":[],"class_list":["post-151197","post","type-post","status-publish","format-standard","has-post-thumbnail","hentry","category-lauro-gaur"],"_links":{"self":[{"href":"https:\/\/www.lauroikastola.eus\/es\/wp-json\/wp\/v2\/posts\/151197","targetHints":{"allow":["GET"]}}],"collection":[{"href":"https:\/\/www.lauroikastola.eus\/es\/wp-json\/wp\/v2\/posts"}],"about":[{"href":"https:\/\/www.lauroikastola.eus\/es\/wp-json\/wp\/v2\/types\/post"}],"author":[{"embeddable":true,"href":"https:\/\/www.lauroikastola.eus\/es\/wp-json\/wp\/v2\/users\/1"}],"replies":[{"embeddable":true,"href":"https:\/\/www.lauroikastola.eus\/es\/wp-json\/wp\/v2\/comments?post=151197"}],"version-history":[{"count":8,"href":"https:\/\/www.lauroikastola.eus\/es\/wp-json\/wp\/v2\/posts\/151197\/revisions"}],"predecessor-version":[{"id":151209,"href":"https:\/\/www.lauroikastola.eus\/es\/wp-json\/wp\/v2\/posts\/151197\/revisions\/151209"}],"wp:featuredmedia":[{"embeddable":true,"href":"https:\/\/www.lauroikastola.eus\/es\/wp-json\/wp\/v2\/media\/151194"}],"wp:attachment":[{"href":"https:\/\/www.lauroikastola.eus\/es\/wp-json\/wp\/v2\/media?parent=151197"}],"wp:term":[{"taxonomy":"category","embeddable":true,"href":"https:\/\/www.lauroikastola.eus\/es\/wp-json\/wp\/v2\/categories?post=151197"},{"taxonomy":"post_tag","embeddable":true,"href":"https:\/\/www.lauroikastola.eus\/es\/wp-json\/wp\/v2\/tags?post=151197"}],"curies":[{"name":"wp","href":"https:\/\/api.w.org\/{rel}","templated":true}]}}